{"id":2632,"date":"2019-09-07T10:31:31","date_gmt":"2019-09-07T10:31:31","guid":{"rendered":"https:\/\/www.fpzv-ev.de\/?p=2632"},"modified":"2019-09-07T10:38:15","modified_gmt":"2019-09-07T10:38:15","slug":"1-fn-bundesschau-fuer-friesenpferde","status":"publish","type":"post","link":"https:\/\/www.fpzv-ev.de\/index.php\/2019\/09\/07\/1-fn-bundesschau-fuer-friesenpferde\/","title":{"rendered":"1. FN-Bundesschau f\u00fcr Friesenpferde"},"content":{"rendered":"\n<p>ERSTE FN-BUNDESSCHAU F\u00dcR FRIESENPFERDE<\/p>\n\n\n\n<p>Die Ausschreibung f\u00fcr die angek\u00fcndigte erste FN-Bundesschau f\u00fcr das Friesenpferd in der Geschichte der deutschen Pferdezucht ist nun online. Nennschluss ist der 20.09.2019, Ihr solltet euch aber ohnehin beeilen, da es nat\u00fcrlich nur begrenzt Startpl\u00e4tze gibt. Zugelassen sind Hengste und Stuten der Herdb\u00fccher I und II aller FN-angeschlossenen Zuchtverb\u00e4nde, sowie Stutenfamilien. Alle Teilnehmer erhalten eine Stallplakette und eine Schleife, die Sieger der Klassen eine Sch\u00e4rpe sowie die Medaille des BMEL . Alle Pferde, die mit einer 8,0 oder besser bewertet werden, erhalten als erste Friesenpferde, die Bundespr\u00e4mie. Also kommt zahlreich und lasst eure schwarzen Perlen sehen, wir freuen uns auf Euch!\u201c<\/p>\n\n\n\n<p><\/p>\n","protected":false},"excerpt":{"rendered":"<p>ERSTE FN-BUNDESSCHAU F\u00dcR FRIESENPFERDE Die Ausschreibung f\u00fcr die angek\u00fcndigte erste FN-Bundesschau f\u00fcr das Friesenpferd in der Geschichte der deutschen Pferdezucht ist nun online. Nennschluss ist der 20.09.2019, Ihr solltet euch aber ohnehin beeilen, da es nat\u00fcrlich nur begrenzt Startpl\u00e4tze gibt. Zugelassen sind Hengste und Stuten der Herdb\u00fccher I und II aller FN-angeschlossenen Zuchtverb\u00e4nde, sowie Stutenfamilien. &#8230; <a title=\"1. FN-Bundesschau f\u00fcr Friesenpferde\" class=\"read-more\" href=\"https:\/\/www.fpzv-ev.de\/index.php\/2019\/09\/07\/1-fn-bundesschau-fuer-friesenpferde\/\" aria-label=\"Mehr bei 1. FN-Bundesschau f\u00fcr Friesenpferde\">Weiterlesen &#8230;<\/a><\/p>\n","protected":false},"author":123456,"featured_media":0,"comment_status":"closed","ping_status":"open","sticky":false,"template":"","format":"standard","meta":{"generate_page_header":""},"categories":[1],"tags":[],"_links":{"self":[{"href":"https:\/\/www.fpzv-ev.de\/index.php\/wp-json\/wp\/v2\/posts\/2632"}],"collection":[{"href":"https:\/\/www.fpzv-ev.de\/index.php\/wp-json\/wp\/v2\/posts"}],"about":[{"href":"https:\/\/www.fpzv-ev.de\/index.php\/wp-json\/wp\/v2\/types\/post"}],"author":[{"embeddable":true,"href":"https:\/\/www.fpzv-ev.de\/index.php\/wp-json\/wp\/v2\/users\/123456"}],"replies":[{"embeddable":true,"href":"https:\/\/www.fpzv-ev.de\/index.php\/wp-json\/wp\/v2\/comments?post=2632"}],"version-history":[{"count":3,"href":"https:\/\/www.fpzv-ev.de\/index.php\/wp-json\/wp\/v2\/posts\/2632\/revisions"}],"predecessor-version":[{"id":2635,"href":"https:\/\/www.fpzv-ev.de\/index.php\/wp-json\/wp\/v2\/posts\/2632\/revisions\/2635"}],"wp:attachment":[{"href":"https:\/\/www.fpzv-ev.de\/index.php\/wp-json\/wp\/v2\/media?parent=2632"}],"wp:term":[{"taxonomy":"category","embeddable":true,"href":"https:\/\/www.fpzv-ev.de\/index.php\/wp-json\/wp\/v2\/categories?post=2632"},{"taxonomy":"post_tag","embeddable":true,"href":"https:\/\/www.fpzv-ev.de\/index.php\/wp-json\/wp\/v2\/tags?post=2632"}],"curies":[{"name":"wp","href":"https:\/\/api.w.org\/{rel}","templated":true}]}}