{"id":4272,"date":"2022-10-07T09:43:54","date_gmt":"2022-10-07T09:43:54","guid":{"rendered":"https:\/\/www.fpzv-ev.de\/?p=4272"},"modified":"2022-10-07T10:02:06","modified_gmt":"2022-10-07T10:02:06","slug":"hengstkoerung-2022-ein-tag-im-zeichen-des-friesenpferdes","status":"publish","type":"post","link":"https:\/\/www.fpzv-ev.de\/index.php\/2022\/10\/07\/hengstkoerung-2022-ein-tag-im-zeichen-des-friesenpferdes\/","title":{"rendered":"Hengstk\u00f6rung 2022: Ein Tag im Zeichen des Friesenpferdes"},"content":{"rendered":"<p>In etwa zwei Wochen findet die zentrale Hengstk\u00f6rung des Friesenpferde-Zuchtverband e. V. statt. Wir haben uns in diesem Jahr bewusst daf\u00fcr entschieden, die Veranstaltung in die Mitte Deutschlands zu legen, um m\u00f6glichst viele Freunde des Friesenpferdes zentral zu erreichen. Springreiter und Warmblutz\u00fcchter Frank Plock stellt uns f\u00fcr diesen Zweck seine moderne Anlage in Borken-Trockenerfurth (In den Breiten 10, 34582 Borken) zur Verf\u00fcgung. Die Veranstaltung wird um 10 Uhr beginnen.<\/p>\n<h2>Hengstk\u00f6rung im Mittelpunkt des Friesentages<\/h2>\n<p>Dementsprechend planen wir die zentrale Hengstk\u00f6rung als Tag im Zeichen des Friesenpferdes, an dem unsere Mitglieder unsere schwarzen Perlen in vielen Facetten pr\u00e4sentieren werden. Im Mittelpunkt steht die Musterung der Friesenhengste in den Kategorien &#8222;Junghengst&#8220; und &#8222;Althengst&#8220;. Als Junghengst verstehen wir Hengste, die noch nicht gek\u00f6rt sind. Althengste sind bereits gek\u00f6rt und werden zur Fortschreibung im Hengstbuch 1 vorgestellt.<\/p>\n<h2>Showprogramm zeigt den Friese in seinen sportlichen Facetten<\/h2>\n<p>Das heutige Friesenpferd ist l\u00e4ngst kein reines Kutschpferd mehr. Vielmehr ist es zum charmanten, gutm\u00fctigen Begleiter in zahlreichen sportlichen Sparten geworden. M\u00f6glich gemacht haben das z\u00fcchterische Ambitionen, die schon im 16. Jahrhundert durch die Kreuzung mit spanischen Pferden die Weichen f\u00fcr die heutigen Friesenpferde gelegt haben.<\/p>\n<p>Und genau das werden wir an diesem Friesentag in Trockenerfurth zeigen: Das Friesenpferd in Turniermanier, das Friesenpferd vor der Kutsche, unter dem Damensattel, im Pas des Deux und vieles mehr. Freuen Sie sich auf einen actionreichen und informativen Tag rund um das Friesenpferd. Treffen Sie Z\u00fcchter:innen und Friesenbesitzer:innen zum pers\u00f6nlichen Gespr\u00e4ch \u00fcber diese imposante Pferderasse. Familie Plock wird f\u00fcr unsere G\u00e4ste ein Catering mit hausgemachten, regionalen, saisonalen K\u00f6stlichkeiten vorbereiten, sodass Sie die Show ohne Hunger genie\u00dfen k\u00f6nnen.<\/p>\n<p>Einen genauen Programmplan werden wir wenige Tage vor der Veranstaltung ver\u00f6ffentlichen.<\/p>\n<h2>Friesenhengste jetzt zur K\u00f6rung anmelden<\/h2>\n<p>Hengstbesitzer, die ihren Hengst an diesem Tag noch der Zuchtkommission vorstellen wollen, sollten sich sp\u00e4testens jetzt anmelden. Wir verzichten in diesem Jahr zwar auf die Nachnenngeb\u00fchr, dennoch m\u00fcssen wir planen k\u00f6nnen. Die Anmeldeformulare finden Sie hier: <a href=\"https:\/\/www.fpzv-ev.de\/wp-content\/uploads\/2022\/08\/FPZV_Anmeldung-Althengste-Koerung_2022.pdf\">FPZV_Anmeldung Althengste Koerung_2022<\/a> \/\u00a0<a href=\"https:\/\/www.fpzv-ev.de\/wp-content\/uploads\/2022\/08\/FPZV_Anmeldung-Hengstkoerung-2022.pdf\">FPZV_Anmeldung Junghengst_Hengstkoerung 2022<\/a><\/p>\n<p>&nbsp;<\/p>\n","protected":false},"excerpt":{"rendered":"<p>In etwa zwei Wochen findet die zentrale Hengstk\u00f6rung des Friesenpferde-Zuchtverband e. V. statt. Wir haben uns in diesem Jahr bewusst daf\u00fcr entschieden, die Veranstaltung in die Mitte Deutschlands zu legen, um m\u00f6glichst viele Freunde des Friesenpferdes zentral zu erreichen. Springreiter und Warmblutz\u00fcchter Frank Plock stellt uns f\u00fcr diesen Zweck seine moderne Anlage in Borken-Trockenerfurth (In &#8230; <a title=\"Hengstk\u00f6rung 2022: Ein Tag im Zeichen des Friesenpferdes\" class=\"read-more\" href=\"https:\/\/www.fpzv-ev.de\/index.php\/2022\/10\/07\/hengstkoerung-2022-ein-tag-im-zeichen-des-friesenpferdes\/\" aria-label=\"Mehr bei Hengstk\u00f6rung 2022: Ein Tag im Zeichen des Friesenpferdes\">Weiterlesen &#8230;<\/a><\/p>\n","protected":false},"author":123462,"featured_media":4160,"comment_status":"closed","ping_status":"open","sticky":false,"template":"","format":"standard","meta":{"generate_page_header":""},"categories":[15,16],"tags":[75,76,77],"_links":{"self":[{"href":"https:\/\/www.fpzv-ev.de\/index.php\/wp-json\/wp\/v2\/posts\/4272"}],"collection":[{"href":"https:\/\/www.fpzv-ev.de\/index.php\/wp-json\/wp\/v2\/posts"}],"about":[{"href":"https:\/\/www.fpzv-ev.de\/index.php\/wp-json\/wp\/v2\/types\/post"}],"author":[{"embeddable":true,"href":"https:\/\/www.fpzv-ev.de\/index.php\/wp-json\/wp\/v2\/users\/123462"}],"replies":[{"embeddable":true,"href":"https:\/\/www.fpzv-ev.de\/index.php\/wp-json\/wp\/v2\/comments?post=4272"}],"version-history":[{"count":6,"href":"https:\/\/www.fpzv-ev.de\/index.php\/wp-json\/wp\/v2\/posts\/4272\/revisions"}],"predecessor-version":[{"id":4278,"href":"https:\/\/www.fpzv-ev.de\/index.php\/wp-json\/wp\/v2\/posts\/4272\/revisions\/4278"}],"wp:featuredmedia":[{"embeddable":true,"href":"https:\/\/www.fpzv-ev.de\/index.php\/wp-json\/wp\/v2\/media\/4160"}],"wp:attachment":[{"href":"https:\/\/www.fpzv-ev.de\/index.php\/wp-json\/wp\/v2\/media?parent=4272"}],"wp:term":[{"taxonomy":"category","embeddable":true,"href":"https:\/\/www.fpzv-ev.de\/index.php\/wp-json\/wp\/v2\/categories?post=4272"},{"taxonomy":"post_tag","embeddable":true,"href":"https:\/\/www.fpzv-ev.de\/index.php\/wp-json\/wp\/v2\/tags?post=4272"}],"curies":[{"name":"wp","href":"https:\/\/api.w.org\/{rel}","templated":true}]}}