{"id":4537,"date":"2023-01-25T17:37:56","date_gmt":"2023-01-25T17:37:56","guid":{"rendered":"https:\/\/www.fpzv-ev.de\/?p=4537"},"modified":"2023-01-25T17:37:56","modified_gmt":"2023-01-25T17:37:56","slug":"gut-abgesichert-fuer-den-op-fall-mit-stoecker-ohg-2","status":"publish","type":"post","link":"https:\/\/www.fpzv-ev.de\/index.php\/2023\/01\/25\/gut-abgesichert-fuer-den-op-fall-mit-stoecker-ohg-2\/","title":{"rendered":"Gut abgesichert f\u00fcr den OP-Fall mit St\u00f6cker OHG"},"content":{"rendered":"<p><img fetchpriority=\"high\" decoding=\"async\" class=\"alignnone size-large wp-image-4524\" src=\"https:\/\/www.fpzv-ev.de\/wp-content\/uploads\/2023\/01\/Barmenia_Anzeige_Foto_Jasmin-Juenemann-1024x683.jpg\" alt=\"Stoecker OHG_Foto_Jasmin Juenemann\" width=\"1024\" height=\"683\" srcset=\"https:\/\/www.fpzv-ev.de\/wp-content\/uploads\/2023\/01\/Barmenia_Anzeige_Foto_Jasmin-Juenemann-1024x683.jpg 1024w, https:\/\/www.fpzv-ev.de\/wp-content\/uploads\/2023\/01\/Barmenia_Anzeige_Foto_Jasmin-Juenemann-300x200.jpg 300w, https:\/\/www.fpzv-ev.de\/wp-content\/uploads\/2023\/01\/Barmenia_Anzeige_Foto_Jasmin-Juenemann-768x512.jpg 768w, https:\/\/www.fpzv-ev.de\/wp-content\/uploads\/2023\/01\/Barmenia_Anzeige_Foto_Jasmin-Juenemann-1536x1024.jpg 1536w, https:\/\/www.fpzv-ev.de\/wp-content\/uploads\/2023\/01\/Barmenia_Anzeige_Foto_Jasmin-Juenemann-2048x1365.jpg 2048w\" sizes=\"(max-width: 1024px) 100vw, 1024px\" \/><\/p>\n<p><em>-Anzeige-<\/em><\/p>\n<p class=\"p1\">&#8222;Fast genau vor einem Jahr bin ich, wie jeden Nachmittag, in den Stall gefahren. Bei uns kann man schon aus dem Auto die Pferde auf dem Winterauslauf sehen. Und da stand mein Pferd \u2013 sehr abwesend und anteilslos auf dem Auslauf. Ich kenne mein Pferd, also wusste ich, hier stimmt was nicht. Mir gingen verschiedene Dinge durch den Kopf. Der Boden war stark gefroren. Hat er sich vertreten? Wurde er beim Spielen verletzt? Hat er eine Kolik?<\/p>\n<p class=\"p1\">Schnell stellte sich heraus, dass er eine Kolik hatte. Der Tierarzt versuchte, ihm ambulant zu helfen. Ohne Erfolg. Wir fuhren in die Klinik. Dort musste mein Pferd noch in der Nacht operiert werden, weil sich der Darm verdreht hatte. Die OP gl\u00fccklicherweise reibungslos verlaufen und mein Pferd hat alles tapfer mitgemacht. Heute ist er wieder ganz der Alte \u2013 bis auf die Narbe am Bauch. <span style=\"font-size: 16px;\">F\u00fcr mich war es damals ein Riesenschock, als die \u00c4rzte mich gefragt haben, ob ich mein Pferd f\u00fcr die hohen Kosten operieren lassen m\u00f6chte. Klar, m\u00f6chte ich meinem Pferd helfen, aber mehrere tausend Euro f\u00fcr die OP muss man erst mal auf den Tisch legen k\u00f6nnen.&#8220;<\/span><\/p>\n<p><strong>Eine Geschichte aus dem Alltag<\/strong><\/p>\n<p class=\"p1\">Die Geschichte oben ist einer guten Freundin von mir passiert. Ich bin Lisa van Hengel, geb. St\u00f6cker, von der Versicherungsfamilie St\u00f6cker OHG. Seit meinem 14. Lebensjahr sind mein Pferd Asterix und ich ein Herz und eine Seele. Nat\u00fcrlich gebe ich alles f\u00fcr die Gesundheit meines Pferdes.<\/p>\n<p class=\"p1\">Bei der Barmenia Versicherung bin ich seit 2014 als Beraterin t\u00e4tig, und k\u00fcmmere mich zusammen mit dem Team der St\u00f6cker OHG um das menschliche und tierische Wohl. Zum Gl\u00fcck konnte ich meiner Freundin damals sofort zur Seite stehen. Dank der rechtzeitigen Absicherung, wurde sie nicht vor die b\u00f6se Frage gestellt: &#8222;Kann ich mir das leisten und meinem Pferd helfen?&#8220; Wir sind ein Familienunternehmen und pflegen auch mit unseren Kunden die Werte der Familie.<\/p>\n<p class=\"p1\">Gerne beraten wir Sie pers\u00f6nlich oder digital.<\/p>\n<blockquote>\n<p class=\"p1\" style=\"text-align: center;\">Wir bringen kleine und gro\u00dfe Hufe wieder auf Trab!<\/p>\n<\/blockquote>\n<h3 class=\"p1\">Die Highlights der Barmenia Pferde-OP Versicherung<\/h3>\n<ul>\n<li class=\"p1\">\u00dcbernahme von Wochenends-\/ Nachtzuschl\u00e4ge und<br \/>\nNotfallgeb\u00fchren<\/li>\n<li class=\"p1\">keine Jahresh\u00f6chstleistung<\/li>\n<li class=\"p1\">14- Tage Nachbehandlung<\/li>\n<li class=\"p1\">station\u00e4re Unterbringungskosten unbegrenzt<\/li>\n<li class=\"p1\">Kosten\u00fcbernahme ab der Untersuchung,<br \/>\ndie zur OP f\u00fchrt<\/li>\n<\/ul>\n<p><img decoding=\"async\" class=\"alignleft wp-image-4523 size-medium\" src=\"https:\/\/www.fpzv-ev.de\/wp-content\/uploads\/2023\/01\/Barmenia-Stoecker-212x300.jpg\" alt=\"Barmenia Stoecker, Foto: St\u00f6cker OHG\" width=\"212\" height=\"300\" srcset=\"https:\/\/www.fpzv-ev.de\/wp-content\/uploads\/2023\/01\/Barmenia-Stoecker-212x300.jpg 212w, https:\/\/www.fpzv-ev.de\/wp-content\/uploads\/2023\/01\/Barmenia-Stoecker-724x1024.jpg 724w, https:\/\/www.fpzv-ev.de\/wp-content\/uploads\/2023\/01\/Barmenia-Stoecker-768x1086.jpg 768w, https:\/\/www.fpzv-ev.de\/wp-content\/uploads\/2023\/01\/Barmenia-Stoecker-1086x1536.jpg 1086w, https:\/\/www.fpzv-ev.de\/wp-content\/uploads\/2023\/01\/Barmenia-Stoecker-1448x2048.jpg 1448w, https:\/\/www.fpzv-ev.de\/wp-content\/uploads\/2023\/01\/Barmenia-Stoecker-scaled.jpg 1810w\" sizes=\"(max-width: 212px) 100vw, 212px\" \/><\/p>\n<p class=\"p1\"><em>Ihr Kontakt zu uns:\u00a0<\/em><br \/>\nSt\u00f6cker OHG<br \/>\nUntere Dorfstr. 35<br \/>\n57074 Siegen<\/p>\n<p class=\"p1\"><strong>Tel.<\/strong> 0271-63941<br \/>\n<strong>Mobil:<\/strong> 0170-9375710<br \/>\n<strong>E-Mail:<\/strong> stoecker-ohg@barmenia.de<br \/>\n<strong>Web:<\/strong> <a href=\"http:\/\/versicherungsfamilie.de\/\">versicherungsfamilie.de<\/a><\/p>\n<p><strong>Facebook:<\/strong> <a href=\"https:\/\/www.facebook.com\/Versicherungsfamilie\/\">versicherungsfamilie<\/a><br \/>\n<strong>Instagram:<\/strong> <a href=\"https:\/\/www.instagram.com\/versicherungsfamilie\/?hl=de\">versicherungsfamilie<\/a><\/p>\n<p>Text: Lisa van Hengel \/ Foto: <a href=\"https:\/\/www.frame-your-memories.com\/\">Jasmin J\u00fcnemann<\/a><\/p>\n","protected":false},"excerpt":{"rendered":"<p>Die Neuauflage der GOT im November 2022 bedeutet f\u00fcr Pferdebesitzer h\u00f6here Tierarztkosten. Mehr denn je lohnt sich jetzt eine OP-Versicherung. Die St\u00f6cker OHG ber\u00e4t die Mitglieder des Friesenpferde-Zuchtverband e. V. in dieser Hinsicht.<\/p>\n","protected":false},"author":123462,"featured_media":0,"comment_status":"closed","ping_status":"open","sticky":false,"template":"","format":"standard","meta":{"generate_page_header":""},"categories":[21],"tags":[84,83],"_links":{"self":[{"href":"https:\/\/www.fpzv-ev.de\/index.php\/wp-json\/wp\/v2\/posts\/4537"}],"collection":[{"href":"https:\/\/www.fpzv-ev.de\/index.php\/wp-json\/wp\/v2\/posts"}],"about":[{"href":"https:\/\/www.fpzv-ev.de\/index.php\/wp-json\/wp\/v2\/types\/post"}],"author":[{"embeddable":true,"href":"https:\/\/www.fpzv-ev.de\/index.php\/wp-json\/wp\/v2\/users\/123462"}],"replies":[{"embeddable":true,"href":"https:\/\/www.fpzv-ev.de\/index.php\/wp-json\/wp\/v2\/comments?post=4537"}],"version-history":[{"count":2,"href":"https:\/\/www.fpzv-ev.de\/index.php\/wp-json\/wp\/v2\/posts\/4537\/revisions"}],"predecessor-version":[{"id":4539,"href":"https:\/\/www.fpzv-ev.de\/index.php\/wp-json\/wp\/v2\/posts\/4537\/revisions\/4539"}],"wp:attachment":[{"href":"https:\/\/www.fpzv-ev.de\/index.php\/wp-json\/wp\/v2\/media?parent=4537"}],"wp:term":[{"taxonomy":"category","embeddable":true,"href":"https:\/\/www.fpzv-ev.de\/index.php\/wp-json\/wp\/v2\/categories?post=4537"},{"taxonomy":"post_tag","embeddable":true,"href":"https:\/\/www.fpzv-ev.de\/index.php\/wp-json\/wp\/v2\/tags?post=4537"}],"curies":[{"name":"wp","href":"https:\/\/api.w.org\/{rel}","templated":true}]}}